{"id":721,"date":"2022-02-08T15:12:16","date_gmt":"2022-02-08T20:12:16","guid":{"rendered":"https:\/\/cta.enconstruction.website\/?p=721"},"modified":"2025-09-23T13:25:16","modified_gmt":"2025-09-23T17:25:16","slug":"le-centre-technologique-en-aerospatiale-soutient-la-perseverance-scolaire-grace-a-son-projet-poursuis-ton-reve","status":"publish","type":"post","link":"https:\/\/aerocta.ca\/en\/le-centre-technologique-en-aerospatiale-soutient-la-perseverance-scolaire-grace-a-son-projet-poursuis-ton-reve\/","title":{"rendered":"Le Centre technologique en a\u00e9rospatiale soutient la pers\u00e9v\u00e9rance scolaire gr\u00e2ce \u00e0 son projet \u00ab\u00a0Poursuis ton r\u00eave\u00a0\u00bb"},"content":{"rendered":"<p>Le Centre technologique en a\u00e9rospatiale (CTA) affili\u00e9 au c\u00e9gep \u00c9douard-Montpetit, a mis sur pied le projet <em>Poursuis ton r\u00eave<\/em> avec l\u2019organisme J\u2019aime ma ville afin d\u2019encourager la pers\u00e9v\u00e9rance scolaire chez les \u00e9l\u00e8ves montr\u00e9alais et longueuillois issus de minorit\u00e9s racis\u00e9es. Le CTA souhaite ainsi accompagner une dizaine de jeunes du secondaire dans leur cheminement scolaire et leur faire d\u00e9couvrir certaines carri\u00e8res scientifiques. Il leur remettra \u00e9galement une dizaine de bourses d\u2019une valeur totale de 2800 $, une somme qui a \u00e9t\u00e9 amass\u00e9e en d\u00e9cembre dernier gr\u00e2ce \u00e0 l\u2019organisation d\u2019un \u00e9v\u00e8nement-b\u00e9n\u00e9fice.<\/p>\n<p>Cela constitue la premi\u00e8re \u00e9tape d\u2019un engagement \u00e0 long terme visant \u00e0 participer aux efforts de r\u00e9duction des in\u00e9galit\u00e9s sociales par la valorisation de l\u2019\u00e9ducation et des sciences, une cause qui tient particuli\u00e8rement \u00e0 c\u0153ur \u00e0 l\u2019\u00e9quipe du CTA. Signe de l\u2019importance accord\u00e9e \u00e0 ce projet, le directeur g\u00e9n\u00e9ral du Centre, Francis Archambault, est l\u2019un des membres de son comit\u00e9 directeur.<\/p>\n<h3>Un accompagnement personnalis\u00e9<\/h3>\n<p>\u00ab On a d\u00e9cid\u00e9 d\u2019offrir des bourses, mais aussi et surtout d\u2019allumer une petite flamme chez ces jeunes en leur permettant de d\u00e9couvrir de formidables possibilit\u00e9s de carri\u00e8re en sciences. On veut les accompagner concr\u00e8tement dans leur parcours et instaurer un v\u00e9ritable \u00e9change avec eux, pr\u00e9cise Francis Archambault. Au CTA, on est convaincus que ces relations seront aussi enrichissantes pour nous que pour les jeunes qu\u2019on parrainera. \u00bb<\/p>\n<p>Afin de motiver les boursiers \u00e0 poursuivre leurs \u00e9tudes, le CTA les recevra pour leur faire visiter ses installations de pointe et discuter des possibilit\u00e9s de carri\u00e8res. Ils pourront \u00e9galement r\u00e9aliser une pr\u00e9sentation sur un sujet qui les passionne \u00e0 l\u2019occasion d\u2019une conf\u00e9rence ou d\u2019un colloque organis\u00e9 par le Centre technologique en a\u00e9rospatiale.<\/p>\n<p>\u00ab C\u2019est vraiment beau de voir une \u00e9quipe se lever pour lutter contre les in\u00e9galit\u00e9s sociales qui, on le sait, jouent souvent un tr\u00e8s grand r\u00f4le dans la pers\u00e9v\u00e9rance scolaire, souligne Firmina Firmin, directrice de l\u2019organisme J\u2019aime ma ville. C\u2019est pour cela que J\u2019aime ma ville est heureux de s\u2019associer \u00e0 ce projet qui soutiendra les jeunes de minorit\u00e9s racis\u00e9es. Avec le CTA, nous voulons les accompagner dans leur cheminement scolaire et leur donner acc\u00e8s \u00e0 tout un monde de sciences et de technologies. \u00bb<\/p>\n<h3>Pour d\u00e9poser une candidature<\/h3>\n<p>Les \u00e9l\u00e8ves du secondaire issus de minorit\u00e9s racis\u00e9es peuvent d\u00e8s maintenant d\u00e9poser leur candidature en remplissant le formulaire avant le 31 mars 2022. Un jury d\u00e9terminera les laur\u00e9ats, et les bourses seront remises en avril 2022.<\/p>\n<h3>\u00c0 propos du Centre technologique en a\u00e9rospatiale (CTA)<\/h3>\n<p>Le CTA est un centre coll\u00e9gial de transfert de technologie affili\u00e9 au c\u00e9gep \u00c9douard-Montpetit et situ\u00e9 sur le campus de l\u2019\u00c9cole nationale d\u2019a\u00e9rotechnique. Sp\u00e9cialis\u00e9 dans les applications des technologies de l\u2019a\u00e9rospatiale, le CTA soutient les efforts des entreprises du secteur pour accro\u00eetre leurs connaissances, leur productivit\u00e9, leur comp\u00e9titivit\u00e9, ainsi que la qualit\u00e9 de leurs produits et services. Avec plus de soixante-dix experts en fabrication m\u00e9tallique et robotique, en mat\u00e9riaux composites, en inspection non destructive, en avionique et en op\u00e9rations a\u00e9riennes, le Centre est reconnu pour sa compl\u00e9mentarit\u00e9 avec les diff\u00e9rents acteurs de la recherche et du transfert de technologies du secteur a\u00e9ronautique. Il adh\u00e8re aux principes de l&rsquo;\u00e9quit\u00e9, de la diversit\u00e9 et de l&rsquo;inclusion.<\/p>\n<h3>\u00c0 propos de J\u2019aime ma ville<\/h3>\n<p>L\u2019organisme J\u2019aime ma ville a pour mission de promouvoir l\u2019action b\u00e9n\u00e9vole, de briser l\u2019isolement social des personnes les plus vuln\u00e9rables et de contribuer \u00e0 l\u2019avancement d\u2019autres organismes.<a href=\"https:\/\/jaimemaville.com\/\"> https:\/\/jaimemaville.com\/<\/a><\/p>\n<p><strong>SOURCE : <\/strong><br \/>\ncatherine.saucier@cegepmontpetit.ca<br \/>\ncell. 514 297-2855<br \/>\nCommunications | cegepmontpetit.ca<\/p>\n","protected":false},"excerpt":{"rendered":"<p>Le Centre technologique en a\u00e9rospatiale (CTA) affili\u00e9 au c\u00e9gep \u00c9douard-Montpetit, a mis sur pied le projet Poursuis ton r\u00eave avec l\u2019organisme J\u2019aime ma ville afin d\u2019encourager la pers\u00e9v\u00e9rance scolaire chez&#8230;<\/p>\n","protected":false},"author":2,"featured_media":828,"comment_status":"closed","ping_status":"closed","sticky":false,"template":"","format":"standard","meta":{"_acf_changed":false,"_seopress_robots_primary_cat":"","_seopress_titles_title":"","_seopress_titles_desc":"","_seopress_robots_index":"","inline_featured_image":false,"footnotes":""},"categories":[18],"tags":[],"service":[],"class_list":{"0":"post-721","1":"post","2":"type-post","3":"status-publish","4":"format-standard","5":"has-post-thumbnail","7":"category-communiques-de-presse"},"acf":[],"_links":{"self":[{"href":"https:\/\/aerocta.ca\/en\/wp-json\/wp\/v2\/posts\/721","targetHints":{"allow":["GET"]}}],"collection":[{"href":"https:\/\/aerocta.ca\/en\/wp-json\/wp\/v2\/posts"}],"about":[{"href":"https:\/\/aerocta.ca\/en\/wp-json\/wp\/v2\/types\/post"}],"author":[{"embeddable":true,"href":"https:\/\/aerocta.ca\/en\/wp-json\/wp\/v2\/users\/2"}],"replies":[{"embeddable":true,"href":"https:\/\/aerocta.ca\/en\/wp-json\/wp\/v2\/comments?post=721"}],"version-history":[{"count":2,"href":"https:\/\/aerocta.ca\/en\/wp-json\/wp\/v2\/posts\/721\/revisions"}],"predecessor-version":[{"id":829,"href":"https:\/\/aerocta.ca\/en\/wp-json\/wp\/v2\/posts\/721\/revisions\/829"}],"wp:featuredmedia":[{"embeddable":true,"href":"https:\/\/aerocta.ca\/en\/wp-json\/wp\/v2\/media\/828"}],"wp:attachment":[{"href":"https:\/\/aerocta.ca\/en\/wp-json\/wp\/v2\/media?parent=721"}],"wp:term":[{"taxonomy":"category","embeddable":true,"href":"https:\/\/aerocta.ca\/en\/wp-json\/wp\/v2\/categories?post=721"},{"taxonomy":"post_tag","embeddable":true,"href":"https:\/\/aerocta.ca\/en\/wp-json\/wp\/v2\/tags?post=721"},{"taxonomy":"service","embeddable":true,"href":"https:\/\/aerocta.ca\/en\/wp-json\/wp\/v2\/service?post=721"}],"curies":[{"name":"wp","href":"https:\/\/api.w.org\/{rel}","templated":true}]}}