{"id":703,"date":"2024-05-21T14:47:50","date_gmt":"2024-05-21T18:47:50","guid":{"rendered":"https:\/\/cta.enconstruction.website\/?p=703"},"modified":"2025-09-23T13:24:48","modified_gmt":"2025-09-23T17:24:48","slug":"creation-dune-nouvelle-zone-dinnovation-en-aerospatiale-une-avancee-majeure-pour-la-formation-la-recherche-et-et-linnovation-au-quebec","status":"publish","type":"post","link":"https:\/\/aerocta.ca\/en\/creation-dune-nouvelle-zone-dinnovation-en-aerospatiale-une-avancee-majeure-pour-la-formation-la-recherche-et-et-linnovation-au-quebec\/","title":{"rendered":"Cr\u00e9ation d&rsquo;une nouvelle zone d&rsquo;innovation en a\u00e9rospatiale : Une avanc\u00e9e majeure pour la formation, la recherche et et l&rsquo;innovation au Qu\u00e9bec"},"content":{"rendered":"<p>Le c\u00e9gep \u00c9douard-Montpetit, l\u2019\u00c9cole nationale d\u2019a\u00e9rotechnique (\u00c9NA) et le Centre technologique en a\u00e9rospatiale (CTA) se r\u00e9jouissent de la cr\u00e9ation d\u2019une zone d\u2019innovation en a\u00e9rospatiale dans la grande r\u00e9gion de Montr\u00e9al, Espace A\u00e9ro, notamment avec un p\u00f4le sp\u00e9cifique \u00e0 Longueuil. Il s\u2019agit d\u2019un projet porteur annonc\u00e9 aujourd\u2019hui, le 21 mai 2024, par le gouvernement du Qu\u00e9bec, dans le cadre du Forum innovation a\u00e9rospatiale international, organis\u00e9 par A\u00e9ro Montr\u00e9al, qui aura la responsabilit\u00e9 d\u2019assurer l\u2019implantation et la gouvernance.<\/p>\n<p>Cette nouvelle zone d\u2019innovation repr\u00e9sente une annonce d\u00e9terminante pour la Ville de Longueuil et ses partenaires qui se positionnent comme principaux acteurs du progr\u00e8s technologique dans l\u2019industrie a\u00e9rospatiale du Qu\u00e9bec et le d\u00e9veloppement \u00e9conomique de la r\u00e9gion.<\/p>\n<p>\u00ab Je tiens \u00e0 exprimer notre profonde gratitude envers le premier ministre Fran\u00e7ois Legault et le ministre Pierre Fitzgibbon pour leur leadership et leur engagement \u00e0 transformer la grande r\u00e9gion de Montr\u00e9al et, par le fait m\u00eame, le Qu\u00e9bec. Cette d\u00e9signation, notamment pour le p\u00f4le de Longueuil, vient confirmer la position du c\u00e9gep \u00c9douard-Montpetit, de l\u2019\u00c9NA et du CTA, comme des partenaires de premier plan permettant de faire de Longueuil un lieu privil\u00e9gi\u00e9 pour la formation, la recherche et l\u2019innovation en a\u00e9rospatiale. Espace A\u00e9ro est une avanc\u00e9e majeure dont il faut collectivement \u00eatre fier. \u00bb a d\u00e9clar\u00e9 Sylvain Lambert, directeur g\u00e9n\u00e9ral du c\u00e9gep \u00c9douard-Montpetit.<\/p>\n<p>&nbsp;<\/p>\n<p><img alt=\"\" loading=\"lazy\" decoding=\"async\" class=\"aligncenter wp-image-706 size-full\" src=\"https:\/\/aerocta.ca\/wp-content\/uploads\/2025\/08\/cta-nouvelle-1.jpeg\" alt=\"\" width=\"987\" height=\"740\" srcset=\"https:\/\/aerocta.ca\/wp-content\/uploads\/2025\/08\/cta-nouvelle-1.jpeg 987w, https:\/\/aerocta.ca\/wp-content\/uploads\/2025\/08\/cta-nouvelle-1-300x225.jpeg 300w, https:\/\/aerocta.ca\/wp-content\/uploads\/2025\/08\/cta-nouvelle-1-768x576.jpeg 768w\" sizes=\"auto, (max-width: 987px) 100vw, 987px\" \/><\/p>\n<p class=\"p1\" style=\"text-align: center;\"><em>De g. \u00e0 d. : Fr\u00e9d\u00e9ric Parent, directeur g\u00e9n\u00e9ral du Centre technologique en a\u00e9rospatiale (CTA), Shirley Dorismond, d\u00e9put\u00e9e de Marie-Victorin, Pierre Fitzgibbon, d\u00e9put\u00e9 de Terrebonne et ministre de l\u2019\u00c9conomie, de l\u2019Innovation et de l\u2019\u00c9nergie, Donald Martel, adjoint parlementaire du minist\u00e8re de l\u2019\u00c9conomie, de l\u2019Innovation et de l\u2019\u00c9nergie (volet zones d\u2019innovation), Pascal D\u00e9silets, directeur de l\u2019\u00c9cole nationale d\u2019a\u00e9rotechnique (\u00c9NA) et Luc Sirois, innovateur en chef du Qu\u00e9bec.<\/em><\/p>\n<p>&nbsp;<\/p>\n<p>Rappelons que le minist\u00e8re de l\u2019\u00c9conomie, de l\u2019Innovation et de l\u2019\u00c9nergie a lanc\u00e9 un appel pour la cr\u00e9ation de <a href=\"https:\/\/www.economie.gouv.qc.ca\/bibliotheques\/zones-dinnovation\/creation-de-zones-dinnovation\/\">zones d&rsquo;innovation<\/a> de calibre mondial, en 2020. Celles-ci avaient pour but de metre \u00e0 contribution diff\u00e9rents acteurs socio\u00e9conomiques afin de stimuler la croissance, la r\u00e9ussite et la prosp\u00e9rit\u00e9 du Qu\u00e9bec.<\/p>\n<p>\u00ab La cr\u00e9ation de cete nouvelle zone d\u2019innovation, plus particuli\u00e8rement le p\u00f4le de Longueuil, constitue une marque de confiance du gouvernement envers notre \u00e9cole nationale, la qualit\u00e9 des programmes de formation coll\u00e9giale que nous offrons ainsi que l\u2019expertise et les comp\u00e9tences de notre personnel. La collaboration entre tous les acteurs de l\u2019industrie, de la recherche et de l\u2019enseignement sup\u00e9rieur garantira un \u00e9cosyst\u00e8me d\u2019innovation riche et prosp\u00e8re pour l\u2019ensemble des joueurs. \u00bb a expliqu\u00e9 Pascal D\u00e9silets, le directeur de l\u2019\u00c9NA.<\/p>\n<p>Pour sa part, Fr\u00e9d\u00e9ric Parent, directeur g\u00e9n\u00e9ral du CTA a mentionn\u00e9 que : \u00ab L\u2019implantation de la zone d\u2019innovation ouvrira la porte \u00e0 l\u2019acc\u00e9l\u00e9ration de la recherche appliqu\u00e9e et \u00e0 l\u2019\u00e9mergence de nouvelles technologies dont les petites et moyennes entreprises, ainsi que les grands joueurs internationaux, pourront tirer profit. Espace A\u00e9ro constitue une nouvelle \u00e8re de progr\u00e8s technologiques et d\u2019occasions importantes pour l\u2019industrie a\u00e9rospatiale qu\u00e9b\u00e9coise. Au CTA, nous sommes pr\u00eats \u00e0 relever les d\u00e9fis de demain et \u00e0 fa\u00e7onner l&rsquo;avenir de notre industrie. \u00bb<\/p>\n<p>Le c\u00e9gep \u00c9douard-Montpetit, l\u2019\u00c9NA et le CTA sont fiers d\u2019\u00eatre des parties prenantes de la future zone d\u2019innovation en a\u00e9rospatiale et de son p\u00f4le longueuillois, aux c\u00f4t\u00e9s d\u2019A\u00e9ro Montr\u00e9al, de la Ville de Longueuil et de partenaires institutionnels et industriels tous aussi engag\u00e9s. Leurs objectifs communs et leur collaboration soutenue mettent la table pour le d\u00e9veloppement et l\u2019avenir de l\u2019a\u00e9ro dans la r\u00e9gion et au Qu\u00e9bec.<\/p>\n<h3><\/h3>\n<h3><img alt=\"\" loading=\"lazy\" decoding=\"async\" class=\"aligncenter wp-image-709 size-full\" src=\"https:\/\/aerocta.ca\/wp-content\/uploads\/2024\/05\/cta-nouvelle-2.jpeg\" alt=\"\" width=\"971\" height=\"682\" srcset=\"https:\/\/aerocta.ca\/wp-content\/uploads\/2024\/05\/cta-nouvelle-2.jpeg 971w, https:\/\/aerocta.ca\/wp-content\/uploads\/2024\/05\/cta-nouvelle-2-300x211.jpeg 300w, https:\/\/aerocta.ca\/wp-content\/uploads\/2024\/05\/cta-nouvelle-2-768x539.jpeg 768w\" sizes=\"auto, (max-width: 971px) 100vw, 971px\" \/><\/h3>\n<p style=\"text-align: center;\"><em>De g. \u00e0 d. : Fr\u00e9d\u00e9ric Parent, directeur g\u00e9n\u00e9ral du Centre technologique en a\u00e9rospatiale (CTA), Sylvain Lambert, directeur g\u00e9n\u00e9ral du c\u00e9gep \u00c9douard-Montpetit, Pascal D\u00e9silets, directeur de l\u2019\u00c9cole nationale d\u2019a\u00e9rotechnique (\u00c9NA), Alexandre Parizeau, directeur g\u00e9n\u00e9ral de la Ville de Longueuil, Catherine Fournier, mairesse de la Ville de Longueuil et Pierre Fitzgibbon, d\u00e9put\u00e9 de Terrebonne et ministre de l\u2019\u00c9conomie, de l\u2019Innovation et de l\u2019\u00c9nergie, devant le stand du p\u00f4le Longueuil.<\/em><\/p>\n<p>&nbsp;<\/p>\n<p><img alt=\"\" loading=\"lazy\" decoding=\"async\" class=\"aligncenter wp-image-710 size-full\" src=\"https:\/\/aerocta.ca\/wp-content\/uploads\/2024\/05\/cta-nouvelle-3.jpeg\" alt=\"\" width=\"961\" height=\"734\" srcset=\"https:\/\/aerocta.ca\/wp-content\/uploads\/2024\/05\/cta-nouvelle-3.jpeg 961w, https:\/\/aerocta.ca\/wp-content\/uploads\/2024\/05\/cta-nouvelle-3-300x229.jpeg 300w, https:\/\/aerocta.ca\/wp-content\/uploads\/2024\/05\/cta-nouvelle-3-768x587.jpeg 768w\" sizes=\"auto, (max-width: 961px) 100vw, 961px\" \/><\/p>\n<p style=\"text-align: center;\"><em>De g. \u00e0 d. : Pascal D\u00e9silets, directeur de l\u2019\u00c9cole nationale d\u2019a\u00e9rotechnique (\u00c9NA) et Sylvain Lambert, directeur g\u00e9n\u00e9ral du c\u00e9gep \u00c9douard-Montpetit, \u00e9changent avec Catherine Fournier, mairesse de la Ville de Longueuil, devant le stand du p\u00f4le Longueuil, au Forum innovation a\u00e9rospatiale international.<\/em><\/p>\n<p>&nbsp;<\/p>\n<p><img alt=\"\" loading=\"lazy\" decoding=\"async\" class=\"aligncenter wp-image-711 size-full\" src=\"https:\/\/aerocta.ca\/wp-content\/uploads\/2024\/05\/cta-nouvelle-4.jpeg\" alt=\"\" width=\"774\" height=\"780\" srcset=\"https:\/\/aerocta.ca\/wp-content\/uploads\/2024\/05\/cta-nouvelle-4.jpeg 774w, https:\/\/aerocta.ca\/wp-content\/uploads\/2024\/05\/cta-nouvelle-4-298x300.jpeg 298w, https:\/\/aerocta.ca\/wp-content\/uploads\/2024\/05\/cta-nouvelle-4-150x150.jpeg 150w, https:\/\/aerocta.ca\/wp-content\/uploads\/2024\/05\/cta-nouvelle-4-768x774.jpeg 768w, https:\/\/aerocta.ca\/wp-content\/uploads\/2024\/05\/cta-nouvelle-4-140x140.jpeg 140w, https:\/\/aerocta.ca\/wp-content\/uploads\/2024\/05\/cta-nouvelle-4-100x100.jpeg 100w\" sizes=\"auto, (max-width: 774px) 100vw, 774px\" \/><\/p>\n<p style=\"text-align: center;\"><em>De g. \u00e0 d. : Sylvain Lambert, directeur g\u00e9n\u00e9ral du c\u00e9gep \u00c9douard-Montpetit et Alexandre Parizeau, directeur g\u00e9n\u00e9ral de la Ville de Longueuil au stand du p\u00f4le Longueuil, au Forum innovation a\u00e9rospatiale international.<\/em><\/p>\n<h3><\/h3>\n<h3>\u00c0 propos du c\u00e9gep \u00c9douard-Montpetit<\/h3>\n<p>Le c\u00e9gep \u00c9douard-Montpetit est un \u00e9tablissement d\u2019enseignement sup\u00e9rieur qui met en \u0153uvre des programmes d\u2019\u00e9tudes et des activit\u00e9s de formation de haute qualit\u00e9, tant au secteur r\u00e9gulier qu\u2019\u00e0 la formation continue. Le C\u00e9gep vise le d\u00e9veloppement de personnes comp\u00e9tentes, autonomes, critiques et engag\u00e9es dans leur milieu. Par ses activit\u00e9s d\u2019enseignement et de recherche et par les services qu\u2019il offre \u00e0 la collectivit\u00e9, il contribue \u00e0 la vitalit\u00e9 sociale et culturelle de sa communaut\u00e9 et met \u00e0 profit son expertise sur le plan r\u00e9gional, national et international.<\/p>\n<p>Pour en conna\u00eetre davantage sur le c\u00e9gep \u00c9douard-Montpetit et son \u00c9cole nationale d\u2019a\u00e9rotechnique (\u00c9NA), ses experts m\u00e9dias et ses activit\u00e9s, visitez le <a href=\"https:\/\/www.cegepmontpetit.ca\/salle-de-presse\">cegepmontpetit.ca\/salle-de-presse<\/a>, ainsi que le <a href=\"https:\/\/www.cegepmontpetit.ca\/cegep\/nouvelles-et-evenements\">cegepmontpetit.ca\/tableau-honneur<\/a> pour d\u00e9couvrir les prix et distinctions re\u00e7us par sa communaut\u00e9 coll\u00e9giale. Suivez-nous \u00e9galement sur les m\u00e9dias sociaux pour ne rien manquer : <a href=\"https:\/\/www.facebook.com\/cegepmontpetit\">Facebook<\/a> | <a href=\"https:\/\/www.linkedin.com\/school\/coll-ge-douard-montpetit\/\">LinkedIn<\/a><\/p>\n<h3>\u00c0 propos de l\u2019\u00c9cole nationale d\u2019a\u00e9rotechnique<\/h3>\n<p>Fond\u00e9e en 1964, l\u2019\u00c9cole nationale d\u2019a\u00e9rotechnique (\u00c9NA) du c\u00e9gep \u00c9douard-Montpetit est le plus important institut d\u2019a\u00e9rotechnique au monde. Son expertise s\u2019appuie sur le savoir-faire exceptionnel de ses employ\u00e9s et sur ses liens \u00e9troits avec l\u2019industrie. Ses programmes coll\u00e9giaux sp\u00e9cialis\u00e9s en Techniques de maintenance d\u2019a\u00e9ronefs, en Techniques d\u2019avionique (incluant le DEC-BAC en Avionique) et en Techniques de g\u00e9nie a\u00e9rospatial (incluant le DEC-BAC en G\u00e9nie a\u00e9rospatial) sont offerts dans ses installations d\u2019une valeur de 110\u202fM$. Ces derni\u00e8res, qui comprennent 6\u202fhangars abritant 38 a\u00e9ronefs, sont situ\u00e9es sur le tarmac du MET &#8211; A\u00e9roport m\u00e9tropolitain de Montr\u00e9al, \u00e0 Longueuil.<\/p>\n<h3>\u00c0 propos du Centre technologique en a\u00e9rospatiale<\/h3>\n<p>Le CTA est un centre coll\u00e9gial de transfert de technologie affili\u00e9 au c\u00e9gep \u00c9douard-Montpetit et situ\u00e9 sur le campus de l\u2019\u00c9cole nationale d\u2019a\u00e9rotechnique. Sp\u00e9cialis\u00e9 dans les applications des technologies de l\u2019a\u00e9rospatiale, le CTA soutient les efforts des entreprises du secteur pour accro\u00eetre leurs connaissances, leur productivit\u00e9, leur comp\u00e9titivit\u00e9, ainsi que la qualit\u00e9 de leurs produits et services. Avec plus de soixante-dix experts en composites et mat\u00e9riaux avanc\u00e9s, en contr\u00f4le non destructif, en d\u00e9veloppement et int\u00e9gration de syst\u00e8mes a\u00e9ronautiques, en fabrication m\u00e9tallique et m\u00e9trologie, en intelligence artificielle et en robotique et automatisation, le Centre est reconnu pour sa compl\u00e9mentarit\u00e9 avec les diff\u00e9rents acteurs de la recherche et du transfert de technologies du secteur a\u00e9ronautique. Il adh\u00e8re aux principes de l&rsquo;\u00e9quit\u00e9, de la diversit\u00e9 et de l&rsquo;inclusion.<\/p>\n<p><strong>SOURCE :<\/strong><br \/>\nCatherine Saucier<br \/>\ncatherine.saucier@cegepmontpetit.ca | 450 679-2631 poste 2238 | cell. 514 297-2855<br \/>\ncegepmontpetit.ca<\/p>\n","protected":false},"excerpt":{"rendered":"<p>Le c\u00e9gep \u00c9douard-Montpetit, l\u2019\u00c9cole nationale d\u2019a\u00e9rotechnique (\u00c9NA) et le Centre technologique en a\u00e9rospatiale (CTA) se r\u00e9jouissent de la cr\u00e9ation d\u2019une zone d\u2019innovation en a\u00e9rospatiale dans la grande r\u00e9gion de Montr\u00e9al,&#8230;<\/p>\n","protected":false},"author":2,"featured_media":706,"comment_status":"closed","ping_status":"closed","sticky":false,"template":"","format":"standard","meta":{"_acf_changed":false,"_seopress_robots_primary_cat":"","_seopress_titles_title":"","_seopress_titles_desc":"","_seopress_robots_index":"","inline_featured_image":false,"footnotes":""},"categories":[18],"tags":[],"service":[],"class_list":{"0":"post-703","1":"post","2":"type-post","3":"status-publish","4":"format-standard","5":"has-post-thumbnail","7":"category-communiques-de-presse"},"acf":[],"_links":{"self":[{"href":"https:\/\/aerocta.ca\/en\/wp-json\/wp\/v2\/posts\/703","targetHints":{"allow":["GET"]}}],"collection":[{"href":"https:\/\/aerocta.ca\/en\/wp-json\/wp\/v2\/posts"}],"about":[{"href":"https:\/\/aerocta.ca\/en\/wp-json\/wp\/v2\/types\/post"}],"author":[{"embeddable":true,"href":"https:\/\/aerocta.ca\/en\/wp-json\/wp\/v2\/users\/2"}],"replies":[{"embeddable":true,"href":"https:\/\/aerocta.ca\/en\/wp-json\/wp\/v2\/comments?post=703"}],"version-history":[{"count":3,"href":"https:\/\/aerocta.ca\/en\/wp-json\/wp\/v2\/posts\/703\/revisions"}],"predecessor-version":[{"id":712,"href":"https:\/\/aerocta.ca\/en\/wp-json\/wp\/v2\/posts\/703\/revisions\/712"}],"wp:featuredmedia":[{"embeddable":true,"href":"https:\/\/aerocta.ca\/en\/wp-json\/wp\/v2\/media\/706"}],"wp:attachment":[{"href":"https:\/\/aerocta.ca\/en\/wp-json\/wp\/v2\/media?parent=703"}],"wp:term":[{"taxonomy":"category","embeddable":true,"href":"https:\/\/aerocta.ca\/en\/wp-json\/wp\/v2\/categories?post=703"},{"taxonomy":"post_tag","embeddable":true,"href":"https:\/\/aerocta.ca\/en\/wp-json\/wp\/v2\/tags?post=703"},{"taxonomy":"service","embeddable":true,"href":"https:\/\/aerocta.ca\/en\/wp-json\/wp\/v2\/service?post=703"}],"curies":[{"name":"wp","href":"https:\/\/api.w.org\/{rel}","templated":true}]}}