{"id":701,"date":"2024-12-06T14:44:02","date_gmt":"2024-12-06T19:44:02","guid":{"rendered":"https:\/\/cta.enconstruction.website\/?p=701"},"modified":"2025-09-23T13:24:42","modified_gmt":"2025-09-23T17:24:42","slug":"mme-anne-marie-bertrand-nouvelle-presidente-du-conseil-dadministration-du-centre-technologique-en-aerospatiale","status":"publish","type":"post","link":"https:\/\/aerocta.ca\/en\/mme-anne-marie-bertrand-nouvelle-presidente-du-conseil-dadministration-du-centre-technologique-en-aerospatiale\/","title":{"rendered":"Mme Anne-Marie Bertrand, nouvelle pr\u00e9sidente du conseil d\u2019administration du Centre technologique en a\u00e9rospatiale"},"content":{"rendered":"<p>Le Centre technologique en a\u00e9rospatiale (CTA) est fier d&rsquo;annoncer la nomination de Mme Anne-Marie Bertrand, vice-pr\u00e9sidente Op\u00e9rations \u2013 R\u00e9gion de l\u2019Est chez H\u00e9roux-Devtek, \u00e0 titre de pr\u00e9sidente de son conseil d&rsquo;administration dont elle est membre depuis 2022. Le Centre technologique en a\u00e9rospatiale remercie M. \u00c9ric Faucher, pr\u00e9sident de Hutchinson, qui assumait la pr\u00e9sidence de son conseil d\u2019administration depuis 2021. Alors que l&rsquo;\u00e9conomie mondiale se relevait de la pand\u00e9mie, M. Faucher a su en tirer le meilleur parti et apporter une contribution d\u00e9terminante au CTA.<\/p>\n<h3>Un apport b\u00e9n\u00e9fique<\/h3>\n<p>Anne-Marie Bertrand cumule plus de 25 ans d\u2019exp\u00e9rience dans l\u2019industrie a\u00e9rospatiale dont elle a acquis une fine compr\u00e9hension. Son parcours professionnel t\u00e9moigne d\u2019une solide expertise en gestion de programmes, en leadership op\u00e9rationnel et en planification strat\u00e9gique, ce qui repr\u00e9sentera un atout pr\u00e9cieux pour le Centre technologique en a\u00e9rospatiale.<\/p>\n<p>Anne-Marie Bertrand entend appuyer la direction du CTA dans la r\u00e9alisation de ses objectifs strat\u00e9giques afin de continuer \u00e0 d\u00e9velopper et \u00e0 d\u00e9ployer des solutions innovantes et durables pour ses nombreux partenaires. \u00ab Le CTA est un acteur incontournable de notre \u00e9cosyst\u00e8me, offrant une expertise diversifi\u00e9e dans de nombreux secteurs d\u2019activit\u00e9 et une valeur ajout\u00e9e unique pour notre communaut\u00e9. C\u2019est cette conviction qui me motive \u00e0 m\u2019engager afin de soutenir son rayonnement et renforcer son positionnement. Je suis fi\u00e8re et enthousiaste \u00e0 l&rsquo;id\u00e9e de contribuer \u00e0 cette mission et \u00e0 son impact positif aupr\u00e8s des entreprises de toutes tailles \u00bb, affirme Mme Anne-Marie Bertrand, pr\u00e9sidente du conseil d\u2019administration du CTA.<\/p>\n<h3>Un r\u00f4le crucial pour l\u2019industrie<\/h3>\n<p>Le secteur a\u00e9rospatial fait face \u00e0 des d\u00e9fis mondiaux, notamment la d\u00e9carbonation, la p\u00e9nurie de main-d\u2019\u0153uvre, l\u2019autonomie et la s\u00e9curit\u00e9 des a\u00e9ronefs, ainsi que le maintien d\u2019un niveau \u00e9lev\u00e9 de qualit\u00e9. Pour mieux relever ces d\u00e9fis, l\u2019industrie mise sur l\u2019innovation et la collaboration des diff\u00e9rents acteurs des domaines industriel, acad\u00e9mique et de la recherche. La cr\u00e9ation en 2024 d\u2019Espace A\u00e9ro, la zone d\u2019innovation en a\u00e9rospatiale, en est un bon exemple.<\/p>\n<p>\u00ab Gr\u00e2ce \u00e0 ses \u00e9quipes de recherche agiles et hautement qualifi\u00e9es, le Centre technologique en a\u00e9rospatiale est reconnu comme un leader dans ses secteurs d\u2019activit\u00e9, jouant un r\u00f4le crucial pour la capacit\u00e9 d&rsquo;innovation, le d\u00e9veloppement durable, la prosp\u00e9rit\u00e9 et la p\u00e9rennit\u00e9 de l\u2019industrie a\u00e9rospatiale canadienne \u00bb, poursuit Mme Anne-Marie Bertrand.<\/p>\n<h3>Une feuille de route impressionnante<\/h3>\n<p>Le cheminement professionnel d\u2019Anne-Marie Bertrand l\u2019a bien pr\u00e9par\u00e9e \u00e0 pr\u00e9sider le conseil d\u2019administration du CTA. Apr\u00e8s 12 ans chez Bombardier A\u00e9ronautique, o\u00f9 elle a gravi les \u00e9chelons jusqu\u2019\u00e0 devenir directrice de la cha\u00eene d\u2019approvisionnement, elle a occup\u00e9 un poste de direction chez Mecaer America. En 2013, elle a poursuivi sa fructueuse carri\u00e8re chez H\u00e9roux-Devtek, o\u00f9 elle a fait sa marque \u00e0 titre de directrice des programmes, puis de directrice g\u00e9n\u00e9rale des sites de Laval et de Longueuil. En 2020, elle a \u00e9t\u00e9 nomm\u00e9e \u00e0 son poste actuel et dirige la r\u00e9gion de l\u2019Est qui regroupe plus de 450 membres du personnel. Mme Bertrand est d\u00e9tentrice d\u2019un baccalaur\u00e9at en Gestion des op\u00e9rations et d\u2019un MBA.<\/p>\n<h3>\u00c0 propos du Centre technologique en a\u00e9rospatiale (CTA)<\/h3>\n<p>Le CTA est un centre coll\u00e9gial de transfert de technologies affili\u00e9 au c\u00e9gep \u00c9douard-Montpetit et situ\u00e9 sur le campus de l\u2019\u00c9cole nationale d\u2019a\u00e9rotechnique. Sp\u00e9cialis\u00e9 dans les applications des technologies de l\u2019a\u00e9rospatiale, le CTA soutient les efforts des entreprises du secteur pour accro\u00eetre leurs connaissances, leur productivit\u00e9, leur comp\u00e9titivit\u00e9, ainsi que la qualit\u00e9 de leurs produits et services. Avec plus de soixante-dix personnes expertes en composites et mat\u00e9riaux avanc\u00e9s, en contr\u00f4le non destructif, en d\u00e9veloppement et int\u00e9gration de syst\u00e8mes a\u00e9ronautiques, en fabrication m\u00e9tallique et m\u00e9trologie, en intelligence artificielle, en robotique et automatisation et en propulsion alternative, le Centre est reconnu pour sa compl\u00e9mentarit\u00e9 avec les diff\u00e9rents acteurs de la recherche et du transfert de technologies du secteur a\u00e9ronautique. Il adh\u00e8re aux principes de l&rsquo;\u00e9quit\u00e9, de la diversit\u00e9 et de l&rsquo;inclusion.<\/p>\n<p><strong>SOURCE :<\/strong><br \/>\nJuliette Constantin<br \/>\njuliette.constantin@cegepmontpetit.ca<br \/>\nCommunications<br \/>\ncell. 450 204-8971 | cegepmontpetit.ca<\/p>\n","protected":false},"excerpt":{"rendered":"<p>Le Centre technologique en a\u00e9rospatiale (CTA) est fier d&rsquo;annoncer la nomination de Mme Anne-Marie Bertrand, vice-pr\u00e9sidente Op\u00e9rations \u2013 R\u00e9gion de l\u2019Est chez H\u00e9roux-Devtek, \u00e0 titre de pr\u00e9sidente de son conseil&#8230;<\/p>\n","protected":false},"author":2,"featured_media":693,"comment_status":"closed","ping_status":"closed","sticky":false,"template":"","format":"standard","meta":{"_acf_changed":false,"_seopress_robots_primary_cat":"","_seopress_titles_title":"","_seopress_titles_desc":"","_seopress_robots_index":"","inline_featured_image":false,"footnotes":""},"categories":[18],"tags":[],"service":[],"class_list":{"0":"post-701","1":"post","2":"type-post","3":"status-publish","4":"format-standard","5":"has-post-thumbnail","7":"category-communiques-de-presse"},"acf":[],"_links":{"self":[{"href":"https:\/\/aerocta.ca\/en\/wp-json\/wp\/v2\/posts\/701","targetHints":{"allow":["GET"]}}],"collection":[{"href":"https:\/\/aerocta.ca\/en\/wp-json\/wp\/v2\/posts"}],"about":[{"href":"https:\/\/aerocta.ca\/en\/wp-json\/wp\/v2\/types\/post"}],"author":[{"embeddable":true,"href":"https:\/\/aerocta.ca\/en\/wp-json\/wp\/v2\/users\/2"}],"replies":[{"embeddable":true,"href":"https:\/\/aerocta.ca\/en\/wp-json\/wp\/v2\/comments?post=701"}],"version-history":[{"count":1,"href":"https:\/\/aerocta.ca\/en\/wp-json\/wp\/v2\/posts\/701\/revisions"}],"predecessor-version":[{"id":702,"href":"https:\/\/aerocta.ca\/en\/wp-json\/wp\/v2\/posts\/701\/revisions\/702"}],"wp:featuredmedia":[{"embeddable":true,"href":"https:\/\/aerocta.ca\/en\/wp-json\/wp\/v2\/media\/693"}],"wp:attachment":[{"href":"https:\/\/aerocta.ca\/en\/wp-json\/wp\/v2\/media?parent=701"}],"wp:term":[{"taxonomy":"category","embeddable":true,"href":"https:\/\/aerocta.ca\/en\/wp-json\/wp\/v2\/categories?post=701"},{"taxonomy":"post_tag","embeddable":true,"href":"https:\/\/aerocta.ca\/en\/wp-json\/wp\/v2\/tags?post=701"},{"taxonomy":"service","embeddable":true,"href":"https:\/\/aerocta.ca\/en\/wp-json\/wp\/v2\/service?post=701"}],"curies":[{"name":"wp","href":"https:\/\/api.w.org\/{rel}","templated":true}]}}