{"id":696,"date":"2025-05-27T14:36:26","date_gmt":"2025-05-27T18:36:26","guid":{"rendered":"https:\/\/cta.enconstruction.website\/?p=696"},"modified":"2025-09-23T13:24:13","modified_gmt":"2025-09-23T17:24:13","slug":"le-cta-interpelle-le-depute-ian-lafreniere-la-coupure-de-financement-menace-les-capacites-dinnovation-dans-notre-region","status":"publish","type":"post","link":"https:\/\/aerocta.ca\/en\/le-cta-interpelle-le-depute-ian-lafreniere-la-coupure-de-financement-menace-les-capacites-dinnovation-dans-notre-region\/","title":{"rendered":"Le CTA interpelle le d\u00e9put\u00e9 Ian Lafreni\u00e8re : la coupure de financement menace les capacit\u00e9s d&rsquo;innovation dans notre r\u00e9gion"},"content":{"rendered":"<p>Le Centre technologique en a\u00e9rospatiale (CTA) du c\u00e9gep \u00c9douard-Montpetit, lance aujourd\u2019hui un appel \u00e0 Ian Lafreni\u00e8re, d\u00e9put\u00e9 de la circonscription de Vachon et ministre responsable des Relations avec les Premi\u00e8res Nations et les Inuits, pour qu\u2019il intervienne rapidement aupr\u00e8s du ministre d\u00e9l\u00e9gu\u00e9 \u00e0 l\u2019\u00c9conomie, Christopher Skeete, afin qu\u2019il reconsid\u00e8re la d\u00e9cision de son minist\u00e8re de retirer sans pr\u00e9avis, le financement de base historique accord\u00e9 aux centres coll\u00e9giaux de transfert technologique (CCTT) comme le CTA.<\/p>\n<p>Ce financement total de 5,1 M$ de la part du minist\u00e8re de l\u2019\u00c9conomie, de l\u2019Innovation et de l\u2019\u00c9nergie (MEIE), repr\u00e9sente 20 % du financement de base des CCTT permettant de soutenir des \u00e9l\u00e9ments cruciaux de leur fonctionnement : le maintien des infrastructures, les op\u00e9rations administratives, la capacit\u00e9 d\u2019accompagnement des entreprises et la stabilit\u00e9 de l\u2019expertise des \u00e9quipes de recherche.<\/p>\n<p>Le retrait de ce 5,1 M$ envoie un signal troublant de non-reconnaissance du r\u00f4le des CCTT par le Minist\u00e8re. Pourtant, les CCTT contribuent directement \u00e0 l\u2019innovation, \u00e0 la comp\u00e9titivit\u00e9 des PME, et au d\u00e9veloppement r\u00e9gional. Dans un contexte \u00e9conomique en pleine mouvance, tant au Canada qu\u2019\u00e0 l\u2019international, les solutions en mati\u00e8re de productivit\u00e9, d\u2019innovation et de diversification des march\u00e9s s\u2019inscrivent comme un levier de d\u00e9veloppement incontournable.<\/p>\n<p>\u00ab Cette d\u00e9cision nous place dans une situation de pr\u00e9carit\u00e9 injustifi\u00e9e, et freine notre capacit\u00e9 \u00e0 r\u00e9pondre aux besoins croissants des entreprises a\u00e9rospatiales qui contribuent grandement \u00e0 la vitalit\u00e9 de notre \u00e9conomie r\u00e9gionale et qu\u00e9b\u00e9coise \u00bb, affirme Fr\u00e9d\u00e9ric Parent-Huybrechts, directeur g\u00e9n\u00e9ral du Centre technologique en a\u00e9rospatiale.<\/p>\n<h3>Une inqui\u00e9tude partag\u00e9e dans tout l\u2019\u00e9cosyst\u00e8me r\u00e9gional<\/h3>\n<p>Cette coupure, combin\u00e9e aux restrictions budg\u00e9taires qui affectent l\u2019ensemble du r\u00e9seau coll\u00e9gial, suscite une vive inqui\u00e9tude chez les partenaires r\u00e9gionaux. Les entreprises accompagn\u00e9es par des centres coll\u00e9giaux de transfert technologiques, les organisations de d\u00e9veloppement \u00e9conomique, la F\u00e9d\u00e9ration des c\u00e9geps et plusieurs leaders r\u00e9gionaux ont d\u00e9j\u00e0 fait part de leur pr\u00e9occupation.<\/p>\n<p>Ce sont les entreprises d\u2019ici qui seront les premi\u00e8res touch\u00e9es : des PME qui comptent sur l\u2019appui des CCTT pour moderniser leur production, innover dans leurs proc\u00e9d\u00e9s, former leur main-d\u2019\u0153uvre et rester comp\u00e9titives. Ce retrait menace \u00e9galement l\u2019acc\u00e8s \u00e0 l\u2019expertise pour les milieux communautaires, les municipalit\u00e9s et les coop\u00e9ratives qui b\u00e9n\u00e9ficient de leur accompagnement.<\/p>\n<p>Le CTA et ses partenaires appellent donc Ian Lafreni\u00e8re \u00e0 porter la voix des acteurs de sa circonscription \u00e0 l\u2019Assembl\u00e9e nationale, et \u00e0 interpeller le ministre afin que ce retrait soit reconsid\u00e9r\u00e9 de toute urgence.<\/p>\n<h3>\u00c0 propos du Centre technologique en a\u00e9rospatiale (CTA)<\/h3>\n<p>Le CTA est un centre coll\u00e9gial de transfert de technologies affili\u00e9 au c\u00e9gep \u00c9douard-Montpetit et situ\u00e9 sur le site de son l\u2019\u00c9cole nationale d\u2019a\u00e9rotechnique. Sp\u00e9cialis\u00e9 dans les applications des technologies de l\u2019a\u00e9rospatiale, le CTA soutient les efforts des entreprises du secteur pour accro\u00eetre leurs connaissances, leur productivit\u00e9, leur comp\u00e9titivit\u00e9, ainsi que la qualit\u00e9 de leurs produits et services. Avec plus de soixante-dix personnes expertes en composites et mat\u00e9riaux avanc\u00e9s, en contr\u00f4le non destructif, en d\u00e9veloppement et int\u00e9gration de syst\u00e8mes a\u00e9ronautiques, en fabrication m\u00e9tallique et m\u00e9trologie, en intelligence artificielle, en robotique et automatisation et en propulsion alternative. Le Centre est reconnu pour sa compl\u00e9mentarit\u00e9 avec les diff\u00e9rents acteurs de la recherche et du transfert de technologies du secteur a\u00e9ronautique. Il adh\u00e8re aux principes de l&rsquo;\u00e9quit\u00e9, de la diversit\u00e9 et de l&rsquo;inclusion.<\/p>\n<p>Pour en conna\u00eetre davantage sur le Centre technologique en a\u00e9rospatiale, ses secteurs d\u2019activit\u00e9s, ses installations ainsi que ses sp\u00e9cialistes d\u2019exp\u00e9rience, visitez le www.aerospatiale.org.<\/p>\n<h3>\u00c0 propos du R\u00e9seau des CCTT<\/h3>\n<p>Le R\u00e9seau des CCTT est le regroupement de 59 centres coll\u00e9giaux de transfert de technologies et de pratiques sociales novatrices (CCTT). Chaque CCTT poss\u00e8de une expertise unique permettant d\u2019accompagner ad\u00e9quatement une organisation dans son processus d\u2019innovation. Que ce soit en aide technique, en recherche appliqu\u00e9e, en demande d\u2019information ou encore pour une formation sur l\u2019utilisation de nouveaux proc\u00e9d\u00e9s ou appareils, les 2\u2009400 experts et expertes du R\u00e9seau des CCTT sont en mesure de proposer des solutions adapt\u00e9es au milieu preneur.<\/p>\n<p>Pour consulter la liste compl\u00e8te de nos CCTT : https:\/\/reseaucctt.ca\/centres<\/p>\n<p><strong>Sources :<\/strong><br \/>\nLe R\u00e9seau des CCTT<br \/>\nSamuel Gervais \u2014 Conseiller aux relations m\u00e9dias<br \/>\nsamuel@reseaucctt.ca<br \/>\n819-699-3080 (t\u00e9l\u00e9phone ou texto) <\/p>\n<p>Centre technologique en a\u00e9rospatiale (CTA)<br \/>\nNathalie Coutu \u2013 Conseill\u00e8re en communication<br \/>\nnathalie.coutu@cegepmontpetit.ca<br \/>\n514 929-3805 <\/p>\n","protected":false},"excerpt":{"rendered":"<p>Le Centre technologique en a\u00e9rospatiale (CTA) du c\u00e9gep \u00c9douard-Montpetit, lance aujourd\u2019hui un appel \u00e0 Ian Lafreni\u00e8re, d\u00e9put\u00e9 de la circonscription de Vachon et ministre responsable des Relations avec les Premi\u00e8res&#8230;<\/p>\n","protected":false},"author":2,"featured_media":693,"comment_status":"closed","ping_status":"closed","sticky":false,"template":"","format":"standard","meta":{"_acf_changed":false,"_seopress_robots_primary_cat":"","_seopress_titles_title":"","_seopress_titles_desc":"","_seopress_robots_index":"","inline_featured_image":false,"footnotes":""},"categories":[18],"tags":[],"service":[],"class_list":{"0":"post-696","1":"post","2":"type-post","3":"status-publish","4":"format-standard","5":"has-post-thumbnail","7":"category-communiques-de-presse"},"acf":[],"_links":{"self":[{"href":"https:\/\/aerocta.ca\/en\/wp-json\/wp\/v2\/posts\/696","targetHints":{"allow":["GET"]}}],"collection":[{"href":"https:\/\/aerocta.ca\/en\/wp-json\/wp\/v2\/posts"}],"about":[{"href":"https:\/\/aerocta.ca\/en\/wp-json\/wp\/v2\/types\/post"}],"author":[{"embeddable":true,"href":"https:\/\/aerocta.ca\/en\/wp-json\/wp\/v2\/users\/2"}],"replies":[{"embeddable":true,"href":"https:\/\/aerocta.ca\/en\/wp-json\/wp\/v2\/comments?post=696"}],"version-history":[{"count":1,"href":"https:\/\/aerocta.ca\/en\/wp-json\/wp\/v2\/posts\/696\/revisions"}],"predecessor-version":[{"id":697,"href":"https:\/\/aerocta.ca\/en\/wp-json\/wp\/v2\/posts\/696\/revisions\/697"}],"wp:featuredmedia":[{"embeddable":true,"href":"https:\/\/aerocta.ca\/en\/wp-json\/wp\/v2\/media\/693"}],"wp:attachment":[{"href":"https:\/\/aerocta.ca\/en\/wp-json\/wp\/v2\/media?parent=696"}],"wp:term":[{"taxonomy":"category","embeddable":true,"href":"https:\/\/aerocta.ca\/en\/wp-json\/wp\/v2\/categories?post=696"},{"taxonomy":"post_tag","embeddable":true,"href":"https:\/\/aerocta.ca\/en\/wp-json\/wp\/v2\/tags?post=696"},{"taxonomy":"service","embeddable":true,"href":"https:\/\/aerocta.ca\/en\/wp-json\/wp\/v2\/service?post=696"}],"curies":[{"name":"wp","href":"https:\/\/api.w.org\/{rel}","templated":true}]}}