{"id":443,"date":"2025-05-27T11:58:23","date_gmt":"2025-05-27T15:58:23","guid":{"rendered":"https:\/\/cta.enconstruction.website\/?p=443"},"modified":"2025-09-23T13:24:20","modified_gmt":"2025-09-23T17:24:20","slug":"le-cta-interpelle-son-depute-la-coupure-du-financement-menace-les-capacites-dinnovation-dans-notre-region","status":"publish","type":"post","link":"https:\/\/aerocta.ca\/en\/le-cta-interpelle-son-depute-la-coupure-du-financement-menace-les-capacites-dinnovation-dans-notre-region\/","title":{"rendered":"Le CTA interpelle son d\u00e9put\u00e9: la coupure du financement menace les capacit\u00e9s d\u2019innovation dans notre r\u00e9gion"},"content":{"rendered":"<h3>Le CTA appelle Ian Lafreni\u00e8re \u00e0 intervenir rapidement aupr\u00e8s du ministre d\u00e9l\u00e9gu\u00e9 \u00e0 l\u2019\u00c9conomie afin qu\u2019il reconsid\u00e8re la d\u00e9cision de retirer le financement de base accord\u00e9 aux CCTT.<\/h3>\n<p>Le Centre technologique en a\u00e9rospatiale (CTA) lance aujourd\u2019hui un appel \u00e0 Ian Lafreni\u00e8re, d\u00e9put\u00e9 de la circonscription de Vachon et ministre responsable des Relations avec les Premi\u00e8res Nations et les Inuits, pour qu\u2019il intervienne rapidement aupr\u00e8s du ministre d\u00e9l\u00e9gu\u00e9 \u00e0 l\u2019\u00c9conomie, Christopher Skeete, afin qu\u2019il reconsid\u00e8re la d\u00e9cision de son minist\u00e8re de retirer sans pr\u00e9avis, le financement de base historique accord\u00e9 aux centres coll\u00e9giaux de transfert technologique (CCTT) comme le CTA.<\/p>\n<p>Ce financement total de 5,1\u00a0M$ de la part du minist\u00e8re de l\u2019\u00c9conomie, de l\u2019Innovation et de l\u2019\u00c9nergie\u00a0(MEIE), repr\u00e9sente 20\u00a0% du financement de base des CCTT permettant de soutenir des \u00e9l\u00e9ments cruciaux de leur fonctionnement\u00a0: le maintien des infrastructures, les op\u00e9rations administratives, la capacit\u00e9 d\u2019accompagnement des entreprises et la stabilit\u00e9 de l\u2019expertise des \u00e9quipes de recherche.<\/p>\n<p>Le retrait de ce 5,1\u00a0M$ envoie un signal troublant de non-reconnaissance du r\u00f4le des CCTT par le Minist\u00e8re. Pourtant, les CCTT contribuent directement \u00e0 l\u2019innovation, \u00e0 la comp\u00e9titivit\u00e9 des PME, et au d\u00e9veloppement r\u00e9gional. Dans un contexte \u00e9conomique en pleine mouvance, tant au Canada qu\u2019\u00e0 l\u2019international, les solutions en mati\u00e8re de productivit\u00e9, d\u2019innovation et de diversification des march\u00e9s s\u2019inscrivent comme un levier de d\u00e9veloppement incontournable.<\/p>\n<p>\u00ab\u00a0Cette d\u00e9cision nous place dans une situation de pr\u00e9carit\u00e9 injustifi\u00e9e, et freine notre capacit\u00e9 \u00e0 r\u00e9pondre aux besoins croissants des entreprises a\u00e9rospatiales qui contribuent grandement \u00e0 la vitalit\u00e9 de notre \u00e9conomie r\u00e9gionale et qu\u00e9b\u00e9coise\u00a0\u00bb, affirme Fr\u00e9d\u00e9ric Parent-Huybrechts, directeur g\u00e9n\u00e9ral du Centre technologique en a\u00e9rospatiale.<\/p>\n<h3>Une inqui\u00e9tude partag\u00e9e dans tout l\u2019\u00e9cosyst\u00e8me r\u00e9gional<\/h3>\n<p>Cette coupure, combin\u00e9e aux restrictions budg\u00e9taires qui affectent l\u2019ensemble du r\u00e9seau coll\u00e9gial, suscite une vive inqui\u00e9tude chez les partenaires r\u00e9gionaux. Les entreprises accompagn\u00e9es par des centres coll\u00e9giaux de transfert technologiques, les organisations de d\u00e9veloppement \u00e9conomique, la F\u00e9d\u00e9ration des c\u00e9geps et plusieurs leaders r\u00e9gionaux ont d\u00e9j\u00e0 fait part de leur pr\u00e9occupation.<\/p>\n<p>Ce sont les entreprises d\u2019ici qui seront les premi\u00e8res touch\u00e9es\u00a0: des PME qui comptent sur l\u2019appui des CCTT pour moderniser leur production, innover dans leurs proc\u00e9d\u00e9s, former leur main-d\u2019\u0153uvre et rester comp\u00e9titives. Ce retrait menace \u00e9galement l\u2019acc\u00e8s \u00e0 l\u2019expertise pour les milieux communautaires, les municipalit\u00e9s et les coop\u00e9ratives qui b\u00e9n\u00e9ficient de leur accompagnement.<\/p>\n<p>Le CTA et ses partenaires appellent donc Ian Lafreni\u00e8re \u00e0 porter la voix des acteurs de sa circonscription \u00e0 l\u2019Assembl\u00e9e nationale, et \u00e0 interpeller le ministre afin que ce retrait soit reconsid\u00e9r\u00e9 de toute urgence.<\/p>\n","protected":false},"excerpt":{"rendered":"<p>Le CTA appelle Ian Lafreni\u00e8re \u00e0 intervenir rapidement aupr\u00e8s du ministre d\u00e9l\u00e9gu\u00e9 \u00e0 l\u2019\u00c9conomie afin qu\u2019il reconsid\u00e8re la d\u00e9cision de retirer le financement de base accord\u00e9 aux CCTT. Le Centre&#8230;<\/p>\n","protected":false},"author":2,"featured_media":693,"comment_status":"closed","ping_status":"closed","sticky":false,"template":"","format":"standard","meta":{"_acf_changed":false,"_seopress_robots_primary_cat":"","_seopress_titles_title":"","_seopress_titles_desc":"","_seopress_robots_index":"","inline_featured_image":false,"footnotes":""},"categories":[17],"tags":[],"service":[21],"class_list":{"0":"post-443","1":"post","2":"type-post","3":"status-publish","4":"format-standard","5":"has-post-thumbnail","7":"category-actualites","8":"service-robotisation-et-automatisation"},"acf":[],"_links":{"self":[{"href":"https:\/\/aerocta.ca\/en\/wp-json\/wp\/v2\/posts\/443","targetHints":{"allow":["GET"]}}],"collection":[{"href":"https:\/\/aerocta.ca\/en\/wp-json\/wp\/v2\/posts"}],"about":[{"href":"https:\/\/aerocta.ca\/en\/wp-json\/wp\/v2\/types\/post"}],"author":[{"embeddable":true,"href":"https:\/\/aerocta.ca\/en\/wp-json\/wp\/v2\/users\/2"}],"replies":[{"embeddable":true,"href":"https:\/\/aerocta.ca\/en\/wp-json\/wp\/v2\/comments?post=443"}],"version-history":[{"count":1,"href":"https:\/\/aerocta.ca\/en\/wp-json\/wp\/v2\/posts\/443\/revisions"}],"predecessor-version":[{"id":444,"href":"https:\/\/aerocta.ca\/en\/wp-json\/wp\/v2\/posts\/443\/revisions\/444"}],"wp:featuredmedia":[{"embeddable":true,"href":"https:\/\/aerocta.ca\/en\/wp-json\/wp\/v2\/media\/693"}],"wp:attachment":[{"href":"https:\/\/aerocta.ca\/en\/wp-json\/wp\/v2\/media?parent=443"}],"wp:term":[{"taxonomy":"category","embeddable":true,"href":"https:\/\/aerocta.ca\/en\/wp-json\/wp\/v2\/categories?post=443"},{"taxonomy":"post_tag","embeddable":true,"href":"https:\/\/aerocta.ca\/en\/wp-json\/wp\/v2\/tags?post=443"},{"taxonomy":"service","embeddable":true,"href":"https:\/\/aerocta.ca\/en\/wp-json\/wp\/v2\/service?post=443"}],"curies":[{"name":"wp","href":"https:\/\/api.w.org\/{rel}","templated":true}]}}