{"id":434,"date":"2025-06-04T11:51:46","date_gmt":"2025-06-04T15:51:46","guid":{"rendered":"https:\/\/cta.enconstruction.website\/?p=434"},"modified":"2025-09-23T13:24:08","modified_gmt":"2025-09-23T17:24:08","slug":"innovation-et-main-doeuvre-en-aerospatiale-entente-entre-cinq-institutions-collegiales","status":"publish","type":"post","link":"https:\/\/aerocta.ca\/en\/innovation-et-main-doeuvre-en-aerospatiale-entente-entre-cinq-institutions-collegiales\/","title":{"rendered":"Innovation et main-d\u2019\u0153uvre en a\u00e9rospatiale: entente entre cinq institutions coll\u00e9giales"},"content":{"rendered":"<h3>Deux c\u00e9geps et trois centres coll\u00e9giaux de transfert de technologie (CCTT) ont annonc\u00e9 aujourd\u2019hui, au Centre de l\u2019Innovation YMX \u00e0 Mirabel, la signature d\u2019une entente qui leur permettra de proposer \u00e0 l\u2019industrie a\u00e9rospatiale et manufacturi\u00e8re une offre de services renforc\u00e9e et coh\u00e9rente pour r\u00e9pondre \u00e0 ses besoins en mati\u00e8re de recherche appliqu\u00e9e et d\u2019innovation, ainsi qu\u2019en mati\u00e8re de d\u00e9veloppement des comp\u00e9tences de sa main-d\u2019\u0153uvre.<\/h3>\n<p>Le C\u00e9gep de Saint-J\u00e9r\u00f4me, le C\u00e9gep \u00c9douard-Montpetit et son \u00c9cole nationale d\u2019a\u00e9rotechnique (\u00c9NA), le Centre de d\u00e9veloppement des composites du Qu\u00e9bec (CDCQ), le Centre technologique en a\u00e9rospatiale (CTA), et l\u2019Institut du v\u00e9hicule innovant (IVI) unissent leurs forces pour appuyer plus efficacement l\u2019industrie.<\/p>\n<p>En signant cette entente, les cinq institutions d\u2019enseignement sup\u00e9rieur ont \u00e9tabli des bases solides et structur\u00e9es qui faciliteront le d\u00e9veloppement d\u2019une synergie ax\u00e9e sur la compl\u00e9mentarit\u00e9 de leurs expertises de pointe. De plus, pour favoriser la r\u00e9alisation de projets conjoints et mieux r\u00e9pondre aux besoins de l\u2019industrie, elles pourraient par exemple mutualiser certains espaces et \u00e9quipements ou mettre en place des outils communs. Ce partenariat permet donc d\u2019optimiser les investissements dans un contexte \u00e9conomique plus difficile.<\/p>\n<p><img alt=\"\" decoding=\"async\" class=\"alignnone size-medium wp-image-435 aligncenter\" src=\"https:\/\/aerocta.ca\/wp-content\/uploads\/2025\/08\/download-300x224.jpg\" alt=\"\" width=\"800\" height=\"\" srcset=\"https:\/\/aerocta.ca\/wp-content\/uploads\/2025\/08\/download-300x224.jpg 300w, https:\/\/aerocta.ca\/wp-content\/uploads\/2025\/08\/download.jpg 700w\" sizes=\"(max-width: 300px) 100vw, 300px\" \/><\/p>\n<p style=\"text-align: center;\"><em>De droite \u00e0 gauche, on reconna\u00eet Janic Lauzon, directrice g\u00e9n\u00e9rale du Centre de d\u00e9veloppement des composites du Qu\u00e9bec, Nadine Le Gal, directrice g\u00e9n\u00e9rale du C\u00e9gep de Saint-J\u00e9r\u00f4me, H\u00e9l\u00e8ne Bailleu, directrice g\u00e9n\u00e9rale du C\u00e9gep \u00c9douard-Montpetit et de l\u2019\u00c9cole nationale d\u2019a\u00e9rotechnique, M\u00e9lanie Lussier, pr\u00e9sidente-directrice g\u00e9n\u00e9rale d\u2019A\u00e9ro Montr\u00e9al, Fr\u00e9d\u00e9ric Parent, directeur g\u00e9n\u00e9ral du Centre technologique en a\u00e9rospatiale et Pier-Luc Laurin, directeur g\u00e9n\u00e9ral de l\u2019Institut du v\u00e9hicule innovant<\/em><\/p>\n<h3>Favoriser l\u2019innovation<\/h3>\n<p>Les trois centres coll\u00e9giaux de transfert de technologie se sont alli\u00e9s afin de proposer une gamme \u00e9largie de services d\u2019innovation et de recherche appliqu\u00e9e. En travaillant avec l\u2019un de ces centres, une entreprise aura du m\u00eame coup acc\u00e8s \u00e0 l\u2019expertise de haut niveau et aux ressources des autres. Les CCTT associeront ainsi leurs forces pour d\u00e9velopper des solutions optimales pour leurs clients, plus rapidement, de mani\u00e8re plus efficace et mieux arrim\u00e9e aux besoins concrets des entreprises.<\/p>\n<p>\u00ab Ensemble, nos trois CCTT cumulent une puissante expertise dans des domaines comme les mat\u00e9riaux composites, les proc\u00e9d\u00e9s industriels et l\u2019automatisation, la transformation num\u00e9rique dont l\u2019intelligence artificielle, l\u2019\u00e9lectrification des transports, la mobilit\u00e9 avanc\u00e9e et bien plus. Ces secteurs cruciaux d\u00e9termineront l\u2019avenir de notre industrie a\u00e9rospatiale, qui doit innover pour demeurer comp\u00e9titive \u00e0 l\u2019\u00e9chelle internationale. Nos deux c\u00e9geps comptent bien \u00eatre leurs partenaires privil\u00e9gi\u00e9s pour y parvenir \u00bb, a soulign\u00e9 H\u00e9l\u00e8ne Bailleu, directrice g\u00e9n\u00e9rale du C\u00e9gep \u00c9douard-Montpetit et de l\u2019\u00c9cole nationale d\u2019a\u00e9rotechnique (\u00c9NA).<\/p>\n<h3>D\u00e9velopper les comp\u00e9tences de la main-d\u2019\u0153uvre<\/h3>\n<p>L\u2019entente pr\u00e9voit \u00e9galement que les services aux entreprises du C\u00e9gep de Saint-J\u00e9r\u00f4me et ceux du C\u00e9gep \u00c9douard-Montpetit associent leurs expertises compl\u00e9mentaires afin de proposer aux entreprises une offre \u00e9largie, int\u00e9gr\u00e9e et efficace de services sur mesure pour le d\u00e9veloppement des comp\u00e9tences de leur personnel. Les entreprises profiteront ainsi d\u2019une meilleure continuit\u00e9 du service et des formations.<\/p>\n<p>\u00ab Gr\u00e2ce \u00e0 cette entente, les entreprises de la zone d\u2019innovation en a\u00e9rospatiale, dont celles du p\u00f4le de Mirabel, auront facilement acc\u00e8s \u00e0 un vaste \u00e9ventail de services sur mesure pour d\u00e9velopper les comp\u00e9tences de leur personnel. Nos deux c\u00e9geps d\u00e9montrent ainsi leur volont\u00e9 d\u2019\u00eatre les partenaires privil\u00e9gi\u00e9s de l\u2019industrie a\u00e9rospatiale, un secteur pour lequel la qualification de la main-d\u2019\u0153uvre et son perfectionnement continu sont une condition de succ\u00e8s \u00bb, a ajout\u00e9 Nadine Le Gal, directrice g\u00e9n\u00e9rale du C\u00e9gep de Saint-J\u00e9r\u00f4me.<\/p>\n","protected":false},"excerpt":{"rendered":"<p>Deux c\u00e9geps et trois centres coll\u00e9giaux de transfert de technologie (CCTT) ont annonc\u00e9 aujourd\u2019hui, au Centre de l\u2019Innovation YMX \u00e0 Mirabel, la signature d\u2019une entente qui leur permettra de proposer&#8230;<\/p>\n","protected":false},"author":2,"featured_media":435,"comment_status":"closed","ping_status":"closed","sticky":false,"template":"","format":"standard","meta":{"_acf_changed":false,"_seopress_robots_primary_cat":"","_seopress_titles_title":"","_seopress_titles_desc":"","_seopress_robots_index":"","inline_featured_image":false,"footnotes":""},"categories":[17],"tags":[],"service":[21],"class_list":{"0":"post-434","1":"post","2":"type-post","3":"status-publish","4":"format-standard","5":"has-post-thumbnail","7":"category-actualites","8":"service-robotisation-et-automatisation"},"acf":[],"_links":{"self":[{"href":"https:\/\/aerocta.ca\/en\/wp-json\/wp\/v2\/posts\/434","targetHints":{"allow":["GET"]}}],"collection":[{"href":"https:\/\/aerocta.ca\/en\/wp-json\/wp\/v2\/posts"}],"about":[{"href":"https:\/\/aerocta.ca\/en\/wp-json\/wp\/v2\/types\/post"}],"author":[{"embeddable":true,"href":"https:\/\/aerocta.ca\/en\/wp-json\/wp\/v2\/users\/2"}],"replies":[{"embeddable":true,"href":"https:\/\/aerocta.ca\/en\/wp-json\/wp\/v2\/comments?post=434"}],"version-history":[{"count":8,"href":"https:\/\/aerocta.ca\/en\/wp-json\/wp\/v2\/posts\/434\/revisions"}],"predecessor-version":[{"id":445,"href":"https:\/\/aerocta.ca\/en\/wp-json\/wp\/v2\/posts\/434\/revisions\/445"}],"wp:featuredmedia":[{"embeddable":true,"href":"https:\/\/aerocta.ca\/en\/wp-json\/wp\/v2\/media\/435"}],"wp:attachment":[{"href":"https:\/\/aerocta.ca\/en\/wp-json\/wp\/v2\/media?parent=434"}],"wp:term":[{"taxonomy":"category","embeddable":true,"href":"https:\/\/aerocta.ca\/en\/wp-json\/wp\/v2\/categories?post=434"},{"taxonomy":"post_tag","embeddable":true,"href":"https:\/\/aerocta.ca\/en\/wp-json\/wp\/v2\/tags?post=434"},{"taxonomy":"service","embeddable":true,"href":"https:\/\/aerocta.ca\/en\/wp-json\/wp\/v2\/service?post=434"}],"curies":[{"name":"wp","href":"https:\/\/api.w.org\/{rel}","templated":true}]}}